{"id":1865,"date":"2017-02-06T23:22:38","date_gmt":"2017-02-06T23:22:38","guid":{"rendered":"https:\/\/webwewant.org\/es\/?p=1865"},"modified":"2017-02-06T23:36:07","modified_gmt":"2017-02-06T23:36:07","slug":"escuchando-al-futuro-de-guatemala-actividades-en-las-verapaces-mixco-y-amatitlan","status":"publish","type":"post","link":"https:\/\/webwewant.org\/es\/news\/escuchando-al-futuro-de-guatemala-actividades-en-las-verapaces-mixco-y-amatitlan\/","title":{"rendered":"Escuchando al futuro de Guatemala: Actividades en las Verapaces, Mixco y Amatitl\u00e1n"},"content":{"rendered":"<p><span style=\"font-weight: 400;\">La Web Foundation est\u00e1 colaborando con organizaciones de base para promover la discusi\u00f3n en l\u00ednea y redacci\u00f3n colaborativa de nuestra Carta de Derechos de Internet para Guatemala. Una de las organizaciones colaborando es el \u00a0<\/span><a href=\"https:\/\/www.facebook.com\/Instituto-Demos-109511815797280\/?ref=page_internal\"><span style=\"font-weight: 400;\">Instituto DEMOS<\/span><\/a><span style=\"font-weight: 400;\">, miembro de la Association of Progressive Communications y un referente nacional en trabajo con j\u00f3venes de \u00e1reas marginales y rurales. <\/span><\/p>\n<p>Para incrementar la participaci\u00f3n, sus expertos organizaron una serie de eventos de \u201cInternet para tod@s\u201d en tres distintos lugares.<\/p>\n<p>El primer evento se realiz\u00f3 el jueves 26 de enero, en Cob\u00e1n, Alta Verapaz, un \u00e1rea predominantemente ind\u00edgena, as\u00ed como una de las m\u00e1s pobres del pa\u00eds. El evento reuni\u00f3 a m\u00e1s de 25 l\u00edderes j\u00f3venes de diferentes municipios de la regi\u00f3n, en el cual se discutieron los art\u00edculos de la Carta, cada participante analiz\u00f3 y discuti\u00f3 cada art\u00edculo desde perspectivas muy singulares y aplicadas a sus comunidades, en mayor\u00eda con gran poblaci\u00f3n Maya Q\u2019eqchi\u2019, as\u00ed como otras etnias mayas de la regi\u00f3n. Las reflexiones de los j\u00f3venes se enfocaron en el acceso a las tecnolog\u00edas, a Internet y a contenido en sus idiomas; adem\u00e1s, se analizaron temas como la importancia de promover la utilizaci\u00f3n del software libre y la educaci\u00f3n en los derechos que contiene la Carta. Es de resaltar que la s\u00f3lida formaci\u00f3n de los j\u00f3venes participantes, en temas de liderazgo y derechos humanos permiti\u00f3 que la conversaci\u00f3n concretara una serie de recomendaciones avanzadas en cada uno de los temas.<\/p>\n<p>Ac\u00e1 puedes ver un v\u00eddeo de una de las intervenciones poderosas.<\/p>\n<blockquote class=\"twitter-video\" data-lang=\"en\">\n<p dir=\"ltr\" lang=\"es\"><a href=\"https:\/\/twitter.com\/hashtag\/InternetGT?src=hash\">#InternetGT<\/a> &#8220;No podes dejar pendiente la educaci\u00f3n digital&#8221; Plenaria de-Internet para tod@s-en Cob\u00e1n <a href=\"https:\/\/twitter.com\/GuatemalaCC\">@GuatemalaCC<\/a> <a href=\"https:\/\/twitter.com\/webfoundation\">@webfoundation<\/a> <a href=\"https:\/\/twitter.com\/webwewant\">@webwewant<\/a> <a href=\"https:\/\/t.co\/9NL2prrvAK\">pic.twitter.com\/9NL2prrvAK<\/a><\/p>\n<p>\u2014 Instituto Demos (@demos_gt) <a href=\"https:\/\/twitter.com\/demos_gt\/status\/824706443148488705\">January 26, 2017<\/a><\/p><\/blockquote>\n<p><script async src=\"\/\/platform.twitter.com\/widgets.js\" charset=\"utf-8\"><\/script><\/p>\n<p>&nbsp;<\/p>\n<p><span style=\"font-weight: 400;\">El s\u00e1bado 28 de enero, se llev\u00f3 a cabo, con el apoyo del proyecto Convivimos, el segundo encuentro en la Colonia Bel\u00e9n, Mixco, donde asistieron 50 j\u00f3venes de diferentes comunidades aleda\u00f1as. Para comprender el contexto, el \u00e1rea donde se desarroll\u00f3 el evento es de bajos ingresos, alto desempleo y un foco de violencia urbana, con pocas oportunidades de educaci\u00f3n y desarrollo humano, donde los j\u00f3venes experimentan altos riesgos sociales y sufren de estigmatizaci\u00f3n. La educaci\u00f3n p\u00fablica y privada dista mucho de altos est\u00e1ndares de calidad y la conectividad entre los j\u00f3venes es pobre. <\/span><\/p>\n<p>Por ejemplo, un participante comparti\u00f3 que tuvo acceso a Internet el a\u00f1o pasado y otro coment\u00f3 que lograron desarrollar un proyecto para que la Escuela a la que asiste tuviera acceso a Internet. Fue interesante conocer los diferentes retos al acceder a Internet que tienen los j\u00f3venes en el \u00e1rea metropolitana.<\/p>\n<blockquote class=\"twitter-tweet\" data-lang=\"en\">\n<p dir=\"ltr\" lang=\"es\"><a href=\"https:\/\/twitter.com\/hashtag\/InternetGT?src=hash\">#InternetGT<\/a><br \/>\n&#8220;Con bajos recursos&#8230;nuestra escuela ahora tiene Internet&#8221; <a href=\"https:\/\/twitter.com\/GuatemalaCC\">@GuatemalaCC<\/a> <a href=\"https:\/\/twitter.com\/webfoundation\">@webfoundation<\/a> <a href=\"https:\/\/twitter.com\/webwewant\">@webwewant<\/a> <a href=\"https:\/\/t.co\/MlZijveZzX\">pic.twitter.com\/MlZijveZzX<\/a><\/p>\n<p>\u2014 Instituto Demos (@demos_gt) <a href=\"https:\/\/twitter.com\/demos_gt\/status\/825476035072425984\">January 28, 2017<\/a><\/p><\/blockquote>\n<p><script async src=\"\/\/platform.twitter.com\/widgets.js\" charset=\"utf-8\"><\/script><br \/>\nFinalmente, el s\u00e1bado 4 de febrero, en Amatitl\u00e1n se realiz\u00f3 el \u00faltimo di\u00e1logo alrededor de la Carta de Derechos de Internet para Guatemala, donde participaron 30 ni\u00f1os y j\u00f3venes, igualmente con el apoyo del proyecto Convivimos. Los participantes opinaron sobre los art\u00edculos de la Carta, destacando la importancia de la protecci\u00f3n de datos personales, m\u00e1s educaci\u00f3n integral sobre las tecnolog\u00edas como un elemento fundamental para el desarrollo. En esta oportunidad, asisti\u00f3 la Alcaldesa de Amatitl\u00e1n, Mara Marroqu\u00edn, quien destac\u00f3 la importancia de promover el acceso a Internet en este municipio.<\/p>\n<blockquote class=\"twitter-tweet\" data-lang=\"en\">\n<p lang=\"es\" dir=\"ltr\"><a href=\"https:\/\/twitter.com\/hashtag\/InternetGT?src=hash\">#InternetGT<\/a> \ud83d\udcf3\ud83d\udce1la <a href=\"https:\/\/twitter.com\/hashtag\/AldesaDeAmatitl%C3%A1n?src=hash\">#AldesaDeAmatitl\u00e1n<\/a> se suma al conversatorio sobre Internet <a href=\"https:\/\/twitter.com\/GuatemalaCC\">@GuatemalaCC<\/a> <a href=\"https:\/\/t.co\/1W9SKh28PG\">pic.twitter.com\/1W9SKh28PG<\/a><\/p>\n<p>&mdash; Instituto Demos (@demos_gt) <a href=\"https:\/\/twitter.com\/demos_gt\/status\/827949802050711552\">February 4, 2017<\/a><\/p><\/blockquote>\n<p><script async src=\"\/\/platform.twitter.com\/widgets.js\" charset=\"utf-8\"><\/script><\/p>\n<p>&nbsp;<\/p>\n","protected":false},"excerpt":{"rendered":"<p>La Web Foundation est\u00e1 colaborando con organizaciones de base para promover la discusi\u00f3n en l\u00ednea y redacci\u00f3n colaborativa de nuestra Carta de Derechos de Internet para Guatemala. Una de las organizaciones colaborando es el \u00a0Instituto DEMOS, miembro de la Association of Progressive Communications y un referente nacional en trabajo con j\u00f3venes de \u00e1reas marginales y [&hellip;]<\/p>\n","protected":false},"author":26,"featured_media":1869,"comment_status":"open","ping_status":"open","sticky":false,"template":"","format":"standard","meta":{"footnotes":""},"categories":[138],"tags":[210],"class_list":["post-1865","post","type-post","status-publish","format-standard","has-post-thumbnail","hentry","category-el-futuro-de-internet","tag-guatemala-2"],"_links":{"self":[{"href":"https:\/\/webwewant.org\/es\/wp-json\/wp\/v2\/posts\/1865"}],"collection":[{"href":"https:\/\/webwewant.org\/es\/wp-json\/wp\/v2\/posts"}],"about":[{"href":"https:\/\/webwewant.org\/es\/wp-json\/wp\/v2\/types\/post"}],"author":[{"embeddable":true,"href":"https:\/\/webwewant.org\/es\/wp-json\/wp\/v2\/users\/26"}],"replies":[{"embeddable":true,"href":"https:\/\/webwewant.org\/es\/wp-json\/wp\/v2\/comments?post=1865"}],"version-history":[{"count":0,"href":"https:\/\/webwewant.org\/es\/wp-json\/wp\/v2\/posts\/1865\/revisions"}],"wp:featuredmedia":[{"embeddable":true,"href":"https:\/\/webwewant.org\/es\/wp-json\/wp\/v2\/media\/1869"}],"wp:attachment":[{"href":"https:\/\/webwewant.org\/es\/wp-json\/wp\/v2\/media?parent=1865"}],"wp:term":[{"taxonomy":"category","embeddable":true,"href":"https:\/\/webwewant.org\/es\/wp-json\/wp\/v2\/categories?post=1865"},{"taxonomy":"post_tag","embeddable":true,"href":"https:\/\/webwewant.org\/es\/wp-json\/wp\/v2\/tags?post=1865"}],"curies":[{"name":"wp","href":"https:\/\/api.w.org\/{rel}","templated":true}]}}