{"id":1833,"date":"2017-01-30T03:52:49","date_gmt":"2017-01-30T03:52:49","guid":{"rendered":"https:\/\/webwewant.org\/es\/?p=1833"},"modified":"2017-01-30T04:15:20","modified_gmt":"2017-01-30T04:15:20","slug":"articulo-7-derecho-los-datos","status":"publish","type":"post","link":"https:\/\/webwewant.org\/es\/news\/articulo-7-derecho-los-datos\/","title":{"rendered":"Art\u00edculo 7.  Derecho a los datos"},"content":{"rendered":"<p><b>Art\u00edculo 7. Derecho a los datos<\/b><\/p>\n<p><span style=\"font-weight: 400;\">Todo ser humano tiene derecho a poseer y ejercer un control total sobre sus datos personales. Los datos personales deben ser procesados \u200b\u200by\/o reutilizados \u00fanicamente con el consentimiento pleno e informado de la persona en cuesti\u00f3n. El derecho a poseer datos personales tambi\u00e9n comprende el derecho a su exportaci\u00f3n, importaci\u00f3n, transferencia, sincronizaci\u00f3n y procesamiento.<\/span><\/p>\n<p><span style=\"font-weight: 400;\">Todo ser humano tiene derecho a la libertad de acceso, uso y reutilizaci\u00f3n de datos no personales [o &#8220;de inter\u00e9s p\u00fablico&#8221;] recogidos por los gobiernos o financiados en su totalidad o parcialmente por fondos p\u00fablicos. Esto incluye el derecho a descargar y procesar esos datos en formatos abiertos.<\/span><\/p>\n<p><span style=\"font-weight: 400;\">Se crear\u00e1 incentivos para la filantrop\u00eda de datos de inter\u00e9s p\u00fablico producidos por el sector privado, para que los mismos puedan liberarse y as\u00ed contribuir con el desarrollo del pa\u00eds.<\/span><\/p>\n","protected":false},"excerpt":{"rendered":"<p>Art\u00edculo 7. Derecho a los datos Todo ser humano tiene derecho a poseer y ejercer un control total sobre sus datos personales. Los datos personales deben ser procesados \u200b\u200by\/o reutilizados \u00fanicamente con el consentimiento pleno e informado de la persona en cuesti\u00f3n. El derecho a poseer datos personales tambi\u00e9n comprende el derecho a su exportaci\u00f3n, [&hellip;]<\/p>\n","protected":false},"author":4,"featured_media":1834,"comment_status":"open","ping_status":"open","sticky":false,"template":"","format":"standard","meta":{"footnotes":""},"categories":[215],"tags":[214],"class_list":["post-1833","post","type-post","status-publish","format-standard","has-post-thumbnail","hentry","category-carta-de-internet-guatemala","tag-internetgt"],"_links":{"self":[{"href":"https:\/\/webwewant.org\/es\/wp-json\/wp\/v2\/posts\/1833"}],"collection":[{"href":"https:\/\/webwewant.org\/es\/wp-json\/wp\/v2\/posts"}],"about":[{"href":"https:\/\/webwewant.org\/es\/wp-json\/wp\/v2\/types\/post"}],"author":[{"embeddable":true,"href":"https:\/\/webwewant.org\/es\/wp-json\/wp\/v2\/users\/4"}],"replies":[{"embeddable":true,"href":"https:\/\/webwewant.org\/es\/wp-json\/wp\/v2\/comments?post=1833"}],"version-history":[{"count":0,"href":"https:\/\/webwewant.org\/es\/wp-json\/wp\/v2\/posts\/1833\/revisions"}],"wp:featuredmedia":[{"embeddable":true,"href":"https:\/\/webwewant.org\/es\/wp-json\/wp\/v2\/media\/1834"}],"wp:attachment":[{"href":"https:\/\/webwewant.org\/es\/wp-json\/wp\/v2\/media?parent=1833"}],"wp:term":[{"taxonomy":"category","embeddable":true,"href":"https:\/\/webwewant.org\/es\/wp-json\/wp\/v2\/categories?post=1833"},{"taxonomy":"post_tag","embeddable":true,"href":"https:\/\/webwewant.org\/es\/wp-json\/wp\/v2\/tags?post=1833"}],"curies":[{"name":"wp","href":"https:\/\/api.w.org\/{rel}","templated":true}]}}