{"id":1828,"date":"2017-01-30T03:35:32","date_gmt":"2017-01-30T03:35:32","guid":{"rendered":"https:\/\/webwewant.org\/es\/?p=1828"},"modified":"2017-01-30T04:15:14","modified_gmt":"2017-01-30T04:15:14","slug":"articulo-8-derecho-publicacion-propia","status":"publish","type":"post","link":"https:\/\/webwewant.org\/es\/news\/articulo-8-derecho-publicacion-propia\/","title":{"rendered":"Art\u00edculo 8. Derecho a publicaci\u00f3n propia"},"content":{"rendered":"<p><b><i>Cap\u00edtulo Tercero: Libertad de expresi\u00f3n<\/i><\/b><\/p>\n<p><b>Art\u00edculo 8: Derecho a publicaci\u00f3n propia<\/b><\/p>\n<p>Todo ser humano tiene el derecho a difundir informaci\u00f3n e ideas a trav\u00e9s de Internet y de las tecnolog\u00edas digitales sin permiso. Nadie deber\u00eda estar obligado a obtener una licencia o a registrarse ante el gobierno o cualquier otro organismo con el fin de difundir la informaci\u00f3n en l\u00ednea.<\/p>\n<p>Ning\u00fan acto, orden o decisi\u00f3n judicial o administrativa que pueda afectar significativamente la esfera privada de los individuos puede fundamentarse \u00fanicamente en el tratamiento automatizado de los datos o publicaciones personales con el fin de establecer el perfil o personalidad de la persona afectada<\/p>\n","protected":false},"excerpt":{"rendered":"<p>Cap\u00edtulo Tercero: Libertad de expresi\u00f3n Art\u00edculo 8: Derecho a publicaci\u00f3n propia Todo ser humano tiene el derecho a difundir informaci\u00f3n e ideas a trav\u00e9s de Internet y de las tecnolog\u00edas digitales sin permiso. Nadie deber\u00eda estar obligado a obtener una licencia o a registrarse ante el gobierno o cualquier otro organismo con el fin de [&hellip;]<\/p>\n","protected":false},"author":4,"featured_media":1829,"comment_status":"open","ping_status":"open","sticky":false,"template":"","format":"standard","meta":{"footnotes":""},"categories":[215],"tags":[214],"class_list":["post-1828","post","type-post","status-publish","format-standard","has-post-thumbnail","hentry","category-carta-de-internet-guatemala","tag-internetgt"],"_links":{"self":[{"href":"https:\/\/webwewant.org\/es\/wp-json\/wp\/v2\/posts\/1828"}],"collection":[{"href":"https:\/\/webwewant.org\/es\/wp-json\/wp\/v2\/posts"}],"about":[{"href":"https:\/\/webwewant.org\/es\/wp-json\/wp\/v2\/types\/post"}],"author":[{"embeddable":true,"href":"https:\/\/webwewant.org\/es\/wp-json\/wp\/v2\/users\/4"}],"replies":[{"embeddable":true,"href":"https:\/\/webwewant.org\/es\/wp-json\/wp\/v2\/comments?post=1828"}],"version-history":[{"count":0,"href":"https:\/\/webwewant.org\/es\/wp-json\/wp\/v2\/posts\/1828\/revisions"}],"wp:featuredmedia":[{"embeddable":true,"href":"https:\/\/webwewant.org\/es\/wp-json\/wp\/v2\/media\/1829"}],"wp:attachment":[{"href":"https:\/\/webwewant.org\/es\/wp-json\/wp\/v2\/media?parent=1828"}],"wp:term":[{"taxonomy":"category","embeddable":true,"href":"https:\/\/webwewant.org\/es\/wp-json\/wp\/v2\/categories?post=1828"},{"taxonomy":"post_tag","embeddable":true,"href":"https:\/\/webwewant.org\/es\/wp-json\/wp\/v2\/tags?post=1828"}],"curies":[{"name":"wp","href":"https:\/\/api.w.org\/{rel}","templated":true}]}}